{"id":9473,"date":"2022-12-14T13:22:22","date_gmt":"2022-12-14T12:22:22","guid":{"rendered":"https:\/\/mittelschule-hofeck.de\/wordpress\/?p=9473"},"modified":"2022-12-14T15:31:39","modified_gmt":"2022-12-14T14:31:39","slug":"ausflug-zum-porzellanikon","status":"publish","type":"post","link":"https:\/\/mittelschule-hofeck.de\/wordpress\/9473\/","title":{"rendered":"Ausflug zum Porzellanikon"},"content":{"rendered":"\n<p>Am 18.11.2022 machten wir, die Klassen 9a und 9bM, uns auf den Weg ins Porzellanikon nach Selb. Dort erfuhren wir bei einer F\u00fchrung durch die alten Geb\u00e4ude viel Wissenswertes und Interessantes \u00fcber die Porzellanherstellung in fr\u00fcheren Zeiten.<\/p>\n\n\n\n<p>Die schwere k\u00f6rperliche Arbeit, der Staub in den Fertigungshallen sowie der L\u00e4rm der Maschinen (den wir \u00fcbrigens selbst erleben konnten) belastete die Gesundheit der Arbeiterinnen und Arbeiter sehr.<\/p>\n\n\n\n<p>Auch die filigrane Handarbeit wurde uns an konkreten Beispielen n\u00e4hergebracht. So wurde uns gezeigt, wie ein Becher in Handarbeit geformt wurde und wie eine Zuckerdose mit Hilfe mehrerer Formteile gegossen wird.<\/p>\n\n\n<div id=\"metaslider-id-9475\" style=\"width: 100%;\" class=\"ml-slider-3-108-0 metaslider metaslider-flex metaslider-9475 ml-slider has-dots-nav ms-theme-default\" role=\"region\" aria-label=\"Porzellanikon 2022\" data-height=\"400\" data-width=\"400\">\n    <div id=\"metaslider_container_9475\">\n        <div id=\"metaslider_9475\">\n            <ul class='slides'>\n                <li style=\"display: block; width: 100%;\" class=\"slide-9484 ms-image \" aria-roledescription=\"slide\" data-date=\"2022-12-14 15:30:32\" data-filename=\"20221118_091457-Kopie-min-scaled-400x400.jpg\" data-slide-type=\"image\"><img loading=\"lazy\" decoding=\"async\" src=\"https:\/\/mittelschule-hofeck.de\/wordpress\/wp-content\/uploads\/2022\/12\/20221118_091457-Kopie-min-scaled-400x400.jpg\" height=\"400\" width=\"400\" alt=\"\" class=\"slider-9475 slide-9484 msDefaultImage\" title=\"20221118_091457 (Kopie)-min\" \/><\/li>\n                <li style=\"display: none; width: 100%;\" class=\"slide-9485 ms-image \" aria-roledescription=\"slide\" data-date=\"2022-12-14 15:30:32\" data-filename=\"20221118_102725-Kopie-min-scaled-400x400.jpg\" data-slide-type=\"image\"><img loading=\"lazy\" decoding=\"async\" src=\"https:\/\/mittelschule-hofeck.de\/wordpress\/wp-content\/uploads\/2022\/12\/20221118_102725-Kopie-min-scaled-400x400.jpg\" height=\"400\" width=\"400\" alt=\"\" class=\"slider-9475 slide-9485 msDefaultImage\" title=\"20221118_102725 (Kopie)-min\" \/><\/li>\n                <li style=\"display: none; width: 100%;\" class=\"slide-9486 ms-image \" aria-roledescription=\"slide\" data-date=\"2022-12-14 15:30:32\" data-filename=\"20221118_110446-Kopie-min-scaled-400x400.jpg\" data-slide-type=\"image\"><img loading=\"lazy\" decoding=\"async\" src=\"https:\/\/mittelschule-hofeck.de\/wordpress\/wp-content\/uploads\/2022\/12\/20221118_110446-Kopie-min-scaled-400x400.jpg\" height=\"400\" width=\"400\" alt=\"\" class=\"slider-9475 slide-9486 msDefaultImage\" title=\"20221118_110446 (Kopie)-min\" \/><\/li>\n                <li style=\"display: none; width: 100%;\" class=\"slide-9487 ms-image \" aria-roledescription=\"slide\" data-date=\"2022-12-14 15:30:32\" data-filename=\"20221118_110537-Kopie-min-scaled-400x400.jpg\" data-slide-type=\"image\"><img loading=\"lazy\" decoding=\"async\" src=\"https:\/\/mittelschule-hofeck.de\/wordpress\/wp-content\/uploads\/2022\/12\/20221118_110537-Kopie-min-scaled-400x400.jpg\" height=\"400\" width=\"400\" alt=\"\" class=\"slider-9475 slide-9487 msDefaultImage\" title=\"20221118_110537 (Kopie)-min\" \/><\/li>\n                <li style=\"display: none; width: 100%;\" class=\"slide-9488 ms-image \" aria-roledescription=\"slide\" data-date=\"2022-12-14 15:30:32\" data-filename=\"20221118_113202-Kopie-min-scaled-400x400.jpg\" data-slide-type=\"image\"><img loading=\"lazy\" decoding=\"async\" src=\"https:\/\/mittelschule-hofeck.de\/wordpress\/wp-content\/uploads\/2022\/12\/20221118_113202-Kopie-min-scaled-400x400.jpg\" height=\"400\" width=\"400\" alt=\"\" class=\"slider-9475 slide-9488 msDefaultImage\" title=\"20221118_113202 (Kopie)-min\" \/><\/li>\n                <li style=\"display: none; width: 100%;\" class=\"slide-9489 ms-image \" aria-roledescription=\"slide\" data-date=\"2022-12-14 15:30:32\" data-filename=\"20221205_114807-Kopie-min-scaled-400x400.jpg\" data-slide-type=\"image\"><img loading=\"lazy\" decoding=\"async\" src=\"https:\/\/mittelschule-hofeck.de\/wordpress\/wp-content\/uploads\/2022\/12\/20221205_114807-Kopie-min-scaled-400x400.jpg\" height=\"400\" width=\"400\" alt=\"\" class=\"slider-9475 slide-9489 msDefaultImage\" title=\"20221205_114807 (Kopie)-min\" \/><\/li>\n                <li style=\"display: none; width: 100%;\" class=\"slide-9490 ms-image \" aria-roledescription=\"slide\" data-date=\"2022-12-14 15:30:32\" data-filename=\"20221205_114821-Kopie-min-scaled-400x400.jpg\" data-slide-type=\"image\"><img loading=\"lazy\" decoding=\"async\" src=\"https:\/\/mittelschule-hofeck.de\/wordpress\/wp-content\/uploads\/2022\/12\/20221205_114821-Kopie-min-scaled-400x400.jpg\" height=\"400\" width=\"400\" alt=\"\" class=\"slider-9475 slide-9490 msDefaultImage\" title=\"20221205_114821 (Kopie)-min\" \/><\/li>\n                <li style=\"display: none; width: 100%;\" class=\"slide-9491 ms-image \" aria-roledescription=\"slide\" data-date=\"2022-12-14 15:30:32\" data-filename=\"20221205_114835-Kopie-min-scaled-400x400.jpg\" data-slide-type=\"image\"><img loading=\"lazy\" decoding=\"async\" src=\"https:\/\/mittelschule-hofeck.de\/wordpress\/wp-content\/uploads\/2022\/12\/20221205_114835-Kopie-min-scaled-400x400.jpg\" height=\"400\" width=\"400\" alt=\"\" class=\"slider-9475 slide-9491 msDefaultImage\" title=\"20221205_114835 (Kopie)-min\" \/><\/li>\n            <\/ul>\n        <\/div>\n        \n    <\/div>\n<\/div>\n\n\n\n<p>Schlie\u00dflich durften wir dann selbst aktiv werden: Wir bemalten Porzellanteller und -tassen mit weihnachtlichen Motiven und durften diese mit nach Hause nehmen. Die Ergebnisse k\u00f6nnen sich wirklich sehen lassen!<\/p>\n\n\n\n<p>Alles in allem war es ein abwechslungsreicher und interessanter Vormittag, den wir auf jeden Fall weiterempfehlen k\u00f6nnen!<\/p>\n","protected":false},"excerpt":{"rendered":"<p>Am 18.11.2022 machten wir, die Klassen 9a und 9bM, uns auf den Weg ins Porzellanikon nach Selb. Dort erfuhren wir bei einer F\u00fchrung durch die alten Geb\u00e4ude viel Wissenswertes und Interessantes \u00fcber die Porzellanherstellung in fr\u00fcheren Zeiten. Die schwere k\u00f6rperliche Arbeit, der Staub in den Fertigungshallen sowie der L\u00e4rm der Maschinen (den wir \u00fcbrigens selbst&#8230;<\/p>\n","protected":false},"author":1,"featured_media":0,"comment_status":"closed","ping_status":"closed","sticky":false,"template":"","format":"standard","meta":{"footnotes":""},"categories":[86],"tags":[],"class_list":["post-9473","post","type-post","status-publish","format-standard","hentry","category-unser-schuljahr"],"_links":{"self":[{"href":"https:\/\/mittelschule-hofeck.de\/wordpress\/wp-json\/wp\/v2\/posts\/9473","targetHints":{"allow":["GET"]}}],"collection":[{"href":"https:\/\/mittelschule-hofeck.de\/wordpress\/wp-json\/wp\/v2\/posts"}],"about":[{"href":"https:\/\/mittelschule-hofeck.de\/wordpress\/wp-json\/wp\/v2\/types\/post"}],"author":[{"embeddable":true,"href":"https:\/\/mittelschule-hofeck.de\/wordpress\/wp-json\/wp\/v2\/users\/1"}],"replies":[{"embeddable":true,"href":"https:\/\/mittelschule-hofeck.de\/wordpress\/wp-json\/wp\/v2\/comments?post=9473"}],"version-history":[{"count":2,"href":"https:\/\/mittelschule-hofeck.de\/wordpress\/wp-json\/wp\/v2\/posts\/9473\/revisions"}],"predecessor-version":[{"id":9492,"href":"https:\/\/mittelschule-hofeck.de\/wordpress\/wp-json\/wp\/v2\/posts\/9473\/revisions\/9492"}],"wp:attachment":[{"href":"https:\/\/mittelschule-hofeck.de\/wordpress\/wp-json\/wp\/v2\/media?parent=9473"}],"wp:term":[{"taxonomy":"category","embeddable":true,"href":"https:\/\/mittelschule-hofeck.de\/wordpress\/wp-json\/wp\/v2\/categories?post=9473"},{"taxonomy":"post_tag","embeddable":true,"href":"https:\/\/mittelschule-hofeck.de\/wordpress\/wp-json\/wp\/v2\/tags?post=9473"}],"curies":[{"name":"wp","href":"https:\/\/api.w.org\/{rel}","templated":true}]}}