{"id":789,"date":"2017-01-13T11:03:50","date_gmt":"2017-01-13T09:03:50","guid":{"rendered":"http:\/\/mittelschule-hofeck.de\/wordpress\/?p=789"},"modified":"2017-02-10T09:53:10","modified_gmt":"2017-02-10T07:53:10","slug":"portraits-nach-julian-opie-in-der-9-jahrgangsstufe","status":"publish","type":"post","link":"https:\/\/mittelschule-hofeck.de\/wordpress\/789\/","title":{"rendered":"Portraits nach Julian Opie in der 9. Jahrgangsstufe"},"content":{"rendered":"<p>In der 9. Jahrgangsstufe widmen sich die Sch\u00fcler K\u00fcnstlern des Kubismus, Expressionismus und der Moderne. Julian Opie ist ein zeitgen\u00f6\u00dfischer K\u00fcnstler aus Gro\u00dfbritannien, der mittels Bildbearbeitungsprogrammen Portraits bearbeitet. Er reduziert die Gesichtsz\u00fcge auf Iris, Augenbrauen, Nasenl\u00f6cher und Mundlinie &#8211; trotzdem ist erkennbar, wer dargestellt ist. Jeder Sch\u00fcler erstellte ein eigenes Portrait in seinem Stil.<\/p>\n<p><img loading=\"lazy\" decoding=\"async\" class=\"alignnone  wp-image-790\" src=\"https:\/\/mittelschule-hofeck.de\/wordpress\/wp-content\/uploads\/2017\/01\/Beyza-Akbulut_9a_Portrait-nach-Opie-225x300.jpg\" alt=\"\" width=\"149\" height=\"199\" \/>\u00a0 <img loading=\"lazy\" decoding=\"async\" class=\"alignnone  wp-image-834\" src=\"https:\/\/mittelschule-hofeck.de\/wordpress\/wp-content\/uploads\/2017\/01\/20170208_113941-1-218x300.jpg\" alt=\"\" width=\"144\" height=\"198\" \/><\/p>\n<p>Beyza Akbulut, 9a &#8211; Schuljahr 2016\/2017<\/p>\n","protected":false},"excerpt":{"rendered":"<p>In der 9. Jahrgangsstufe widmen sich die Sch\u00fcler K\u00fcnstlern des Kubismus, Expressionismus und der Moderne. Julian Opie ist ein zeitgen\u00f6\u00dfischer K\u00fcnstler aus Gro\u00dfbritannien, der mittels Bildbearbeitungsprogrammen Portraits bearbeitet. Er reduziert die Gesichtsz\u00fcge auf Iris, Augenbrauen, Nasenl\u00f6cher und Mundlinie &#8211; trotzdem ist erkennbar, wer dargestellt ist. Jeder Sch\u00fcler erstellte ein eigenes Portrait in seinem Stil. \u00a0&#8230;<\/p>\n","protected":false},"author":52,"featured_media":0,"comment_status":"closed","ping_status":"closed","sticky":false,"template":"","format":"standard","meta":{"footnotes":""},"categories":[19],"tags":[],"class_list":["post-789","post","type-post","status-publish","format-standard","hentry","category-aktuelles"],"_links":{"self":[{"href":"https:\/\/mittelschule-hofeck.de\/wordpress\/wp-json\/wp\/v2\/posts\/789","targetHints":{"allow":["GET"]}}],"collection":[{"href":"https:\/\/mittelschule-hofeck.de\/wordpress\/wp-json\/wp\/v2\/posts"}],"about":[{"href":"https:\/\/mittelschule-hofeck.de\/wordpress\/wp-json\/wp\/v2\/types\/post"}],"author":[{"embeddable":true,"href":"https:\/\/mittelschule-hofeck.de\/wordpress\/wp-json\/wp\/v2\/users\/52"}],"replies":[{"embeddable":true,"href":"https:\/\/mittelschule-hofeck.de\/wordpress\/wp-json\/wp\/v2\/comments?post=789"}],"version-history":[{"count":5,"href":"https:\/\/mittelschule-hofeck.de\/wordpress\/wp-json\/wp\/v2\/posts\/789\/revisions"}],"predecessor-version":[{"id":837,"href":"https:\/\/mittelschule-hofeck.de\/wordpress\/wp-json\/wp\/v2\/posts\/789\/revisions\/837"}],"wp:attachment":[{"href":"https:\/\/mittelschule-hofeck.de\/wordpress\/wp-json\/wp\/v2\/media?parent=789"}],"wp:term":[{"taxonomy":"category","embeddable":true,"href":"https:\/\/mittelschule-hofeck.de\/wordpress\/wp-json\/wp\/v2\/categories?post=789"},{"taxonomy":"post_tag","embeddable":true,"href":"https:\/\/mittelschule-hofeck.de\/wordpress\/wp-json\/wp\/v2\/tags?post=789"}],"curies":[{"name":"wp","href":"https:\/\/api.w.org\/{rel}","templated":true}]}}