{"id":7465,"date":"2020-12-15T10:14:03","date_gmt":"2020-12-15T09:14:03","guid":{"rendered":"https:\/\/mittelschule-hofeck.de\/wordpress\/?p=7465"},"modified":"2020-12-15T10:14:04","modified_gmt":"2020-12-15T09:14:04","slug":"weihnachtspaeckchenaktion","status":"publish","type":"post","link":"https:\/\/mittelschule-hofeck.de\/wordpress\/7465\/","title":{"rendered":"Weihnachtsp\u00e4ckchenaktion"},"content":{"rendered":"\n<p>Auch dieses Schuljahr haben unsere Klassensprecher und unsere SMV mit Unterst\u00fctzung von Frau Pohl (JaS) die Weihnachtsp\u00e4ckchenaktin organisiert.<\/p>\n\n\n\n<p>Alle Klassen und die Lehrer haben ein P\u00e4ckchen f\u00fcr bed\u00fcrftige Kinder aus Hof gepackt. Diese Kinder w\u00fcrden sonst oft kein Weihnachtsgeschenk erhalten k\u00f6nnen. Wir freuen uns sehr, dass sich auch dieses Schuljahr wieder alle Sch\u00fcler gemeinsam f\u00fcr ein soziales Projekt engagiert haben.<\/p>\n\n\n\n<p>Die Weihnachtsp\u00e4ckchenaktion findet in Zusammenarbeit mit der Diakonie Hochfranken Ambulante Dienste statt.<\/p>\n\n\n\n<figure class=\"wp-block-image size-large\"><img decoding=\"async\" src=\"https:\/\/mittelschule-hofeck.de\/wordpress\/wp-content\/uploads\/2020\/12\/Weihnachtspaeckchenaktion-2020-1024x469.jpg\" alt=\"\" class=\"wp-image-7466\"\/><figcaption>Wir w\u00fcnschen allen ein sch\u00f6nes Weihnachtsfest 2020!<\/figcaption><\/figure>\n","protected":false},"excerpt":{"rendered":"<p>Auch dieses Schuljahr haben unsere Klassensprecher und unsere SMV mit Unterst\u00fctzung von Frau Pohl (JaS) die Weihnachtsp\u00e4ckchenaktin organisiert. Alle Klassen und die Lehrer haben ein P\u00e4ckchen f\u00fcr bed\u00fcrftige Kinder aus Hof gepackt. Diese Kinder w\u00fcrden sonst oft kein Weihnachtsgeschenk erhalten k\u00f6nnen. Wir freuen uns sehr, dass sich auch dieses Schuljahr wieder alle Sch\u00fcler gemeinsam f\u00fcr&#8230;<\/p>\n","protected":false},"author":1,"featured_media":0,"comment_status":"closed","ping_status":"closed","sticky":false,"template":"","format":"standard","meta":{"footnotes":""},"categories":[86],"tags":[],"class_list":["post-7465","post","type-post","status-publish","format-standard","hentry","category-unser-schuljahr"],"_links":{"self":[{"href":"https:\/\/mittelschule-hofeck.de\/wordpress\/wp-json\/wp\/v2\/posts\/7465","targetHints":{"allow":["GET"]}}],"collection":[{"href":"https:\/\/mittelschule-hofeck.de\/wordpress\/wp-json\/wp\/v2\/posts"}],"about":[{"href":"https:\/\/mittelschule-hofeck.de\/wordpress\/wp-json\/wp\/v2\/types\/post"}],"author":[{"embeddable":true,"href":"https:\/\/mittelschule-hofeck.de\/wordpress\/wp-json\/wp\/v2\/users\/1"}],"replies":[{"embeddable":true,"href":"https:\/\/mittelschule-hofeck.de\/wordpress\/wp-json\/wp\/v2\/comments?post=7465"}],"version-history":[{"count":1,"href":"https:\/\/mittelschule-hofeck.de\/wordpress\/wp-json\/wp\/v2\/posts\/7465\/revisions"}],"predecessor-version":[{"id":7467,"href":"https:\/\/mittelschule-hofeck.de\/wordpress\/wp-json\/wp\/v2\/posts\/7465\/revisions\/7467"}],"wp:attachment":[{"href":"https:\/\/mittelschule-hofeck.de\/wordpress\/wp-json\/wp\/v2\/media?parent=7465"}],"wp:term":[{"taxonomy":"category","embeddable":true,"href":"https:\/\/mittelschule-hofeck.de\/wordpress\/wp-json\/wp\/v2\/categories?post=7465"},{"taxonomy":"post_tag","embeddable":true,"href":"https:\/\/mittelschule-hofeck.de\/wordpress\/wp-json\/wp\/v2\/tags?post=7465"}],"curies":[{"name":"wp","href":"https:\/\/api.w.org\/{rel}","templated":true}]}}