{"id":2009,"date":"2019-02-19T00:10:53","date_gmt":"2019-02-18T22:10:53","guid":{"rendered":"https:\/\/mittelschule-hofeck.de\/wordpress\/?p=2009"},"modified":"2025-12-03T12:59:08","modified_gmt":"2025-12-03T11:59:08","slug":"praktikumsblogger","status":"publish","type":"post","link":"https:\/\/mittelschule-hofeck.de\/wordpress\/2009\/","title":{"rendered":"Praktikum und Ausbildung in der Region"},"content":{"rendered":"\n<p>Die Unternehmen der Region stellen Informationen rund ums Thema f\u00fcr unsere Sch\u00fcler zur Verf\u00fcgung.<\/p>\n\n\n\n<p><strong>Sollten Sie ein Unternehmen vertreten und hier mit aufgenommen werden wollen, dann laden Sie sich bitte die folgende Datei herunter und senden Sie diese ausgef\u00fcllt an: schulleitung[at]mittelschule-hofeck.de<\/strong>.<\/p>\n\n\n\n<div class=\"wp-block-file\"><a id=\"wp-block-file--media-38d231c7-62b7-4465-8eb6-6b727ff4e536\" href=\"https:\/\/mittelschule-hofeck.de\/wordpress\/wp-content\/uploads\/2021\/07\/Infoblatt-Betrieb-Homepage.docx\">Infoblatt-Betrieb-Homepage<\/a><a href=\"https:\/\/mittelschule-hofeck.de\/wordpress\/wp-content\/uploads\/2021\/07\/Infoblatt-Betrieb-Homepage.docx\" class=\"wp-block-file__button wp-element-button\" download aria-describedby=\"wp-block-file--media-38d231c7-62b7-4465-8eb6-6b727ff4e536\">Herunterladen<\/a><\/div>\n\n\n\n<hr class=\"wp-block-separator has-css-opacity\"\/>\n\n\n\n<ul class=\"wp-block-list\">\n<li><strong>AOK Bayern<\/strong>\n<ul class=\"wp-block-list\">\n<li><a href=\"https:\/\/mittelschule-hofeck.de\/wordpress\/wp-content\/uploads\/2019\/06\/AOK-Bayern.pdf\">Sozialversicherungsangestellte\/-r<\/a><\/li>\n<\/ul>\n<\/li>\n\n\n\n<li><strong>BWF Protec<\/strong>\n<ul class=\"wp-block-list\">\n<li><a href=\"https:\/\/mittelschule-hofeck.de\/wordpress\/bwf-tech-maschinen-und-anlagenfuehrer\/\">Maschinen- und Anlagenf\u00fchrer<\/a> <\/li>\n\n\n\n<li><a href=\"https:\/\/mittelschule-hofeck.de\/wordpress\/bwf-tech-industriemechaniker\/\">Industriemechaniker<\/a> <\/li>\n<\/ul>\n<\/li>\n\n\n\n<li><strong>Rehau AG<\/strong>\n<ul class=\"wp-block-list\">\n<li><a href=\"https:\/\/mittelschule-hofeck.de\/wordpress\/wp-content\/uploads\/2019\/05\/Rehau_AG.pdf\">Industriekaufmann (m\/w\/d)<\/a><\/li>\n\n\n\n<li><a href=\"https:\/\/mittelschule-hofeck.de\/wordpress\/wp-content\/uploads\/2019\/05\/Rehau_AG.pdf\">Fachinformatiker f\u00fcr Anwendungsentwicklung (m\/w\/d)<\/a><\/li>\n\n\n\n<li><a href=\"https:\/\/mittelschule-hofeck.de\/wordpress\/wp-content\/uploads\/2019\/05\/Rehau_AG.pdf\">Fachinformatiker f\u00fcr Softwareintegration (m\/w\/d)<\/a><\/li>\n\n\n\n<li><a href=\"https:\/\/mittelschule-hofeck.de\/wordpress\/wp-content\/uploads\/2019\/05\/Rehau_AG.pdf\">Elektroniker f\u00fcr Automatisierungstechnik (m\/w\/d)<\/a><\/li>\n\n\n\n<li><a href=\"https:\/\/mittelschule-hofeck.de\/wordpress\/wp-content\/uploads\/2019\/05\/Rehau_AG.pdf\">Elektroniker f\u00fcr Betriebstechnik (m\/w\/d)<\/a><\/li>\n\n\n\n<li><a href=\"https:\/\/mittelschule-hofeck.de\/wordpress\/wp-content\/uploads\/2019\/05\/Rehau_AG.pdf\">Industriemechaniker (m\/w\/d)<\/a><\/li>\n\n\n\n<li><a href=\"https:\/\/mittelschule-hofeck.de\/wordpress\/wp-content\/uploads\/2019\/05\/Rehau_AG.pdf\">Verfahrensmechaniker f\u00fcr Kunststoff- und Kautschuktechnik (m\/w\/d)<\/a><\/li>\n<\/ul>\n<\/li>\n\n\n\n<li><strong> G\u00fcttler Logistik GmbH<\/strong>\n<ul class=\"wp-block-list\">\n<li><a href=\"https:\/\/mittelschule-hofeck.de\/wordpress\/wp-content\/uploads\/2019\/04\/G\u00fcttler_Logistik_GmbH.pdf\">Kaufmann \/ -frau (m\/w\/d) f\u00fcr Spedition und Logistikdienstleistung<\/a><\/li>\n\n\n\n<li><a href=\"https:\/\/mittelschule-hofeck.de\/wordpress\/wp-content\/uploads\/2019\/04\/G\u00fcttler_Logistik_GmbH.pdf\">Fachinformatiker \/ -in (m\/w\/d) f\u00fcr Anwendungsentwicklung<\/a><\/li>\n\n\n\n<li><a href=\"https:\/\/mittelschule-hofeck.de\/wordpress\/wp-content\/uploads\/2019\/04\/G\u00fcttler_Logistik_GmbH.pdf\">Fachlagerist \/ -in (m\/w\/d)<\/a><\/li>\n\n\n\n<li><a href=\"https:\/\/mittelschule-hofeck.de\/wordpress\/wp-content\/uploads\/2019\/04\/G\u00fcttler_Logistik_GmbH.pdf\">Fachkraft (m\/w\/d) f\u00fcr Lagerlogistik <\/a><\/li>\n\n\n\n<li><a href=\"https:\/\/mittelschule-hofeck.de\/wordpress\/wp-content\/uploads\/2019\/04\/G\u00fcttler_Logistik_GmbH.pdf\">Berufskraftfahrer\/ -in (m\/w\/d)<\/a><\/li>\n\n\n\n<li><a href=\"https:\/\/mittelschule-hofeck.de\/wordpress\/wp-content\/uploads\/2019\/04\/G\u00fcttler_Logistik_GmbH.pdf\">Logistikexperte (m\/w\/d)<\/a><\/li>\n<\/ul>\n<\/li>\n\n\n\n<li><strong>S\u00fcdleder GmbH &amp; Co. KG <\/strong>\n<ul class=\"wp-block-list\">\n<li><a href=\"https:\/\/mittelschule-hofeck.de\/wordpress\/wp-content\/uploads\/2019\/04\/S\u00fcdleder-GmbH-und-Co-KG.pdf\">Fachkraft f\u00fcr Lederherstellung und Gerbereitechnik<\/a><\/li>\n<\/ul>\n<\/li>\n\n\n\n<li><strong>Lamilux Heinrich Strunz Gruppe<\/strong>\n<ul class=\"wp-block-list\">\n<li><a href=\"https:\/\/mittelschule-hofeck.de\/wordpress\/wp-content\/uploads\/2019\/04\/Lamilux_Konstruktionsmechaniker.pdf\">Konstruktionsmechaniker (m\/w)<\/a><\/li>\n\n\n\n<li><a href=\"https:\/\/mittelschule-hofeck.de\/wordpress\/wp-content\/uploads\/2019\/04\/Lamilux_Verfahrensmechaniker.pdf\">Verfahrensmechaniker (m\/w)<\/a><\/li>\n\n\n\n<li><a href=\"https:\/\/mittelschule-hofeck.de\/wordpress\/wp-content\/uploads\/2019\/04\/Lamilux_Industriekaufleute.pdf\">Industriekaufleute<\/a><\/li>\n\n\n\n<li><a href=\"https:\/\/mittelschule-hofeck.de\/wordpress\/wp-content\/uploads\/2019\/04\/Lamilux_Fachinformatiker.pdf\">Fachinformatiker (m\/w)<\/a><\/li>\n\n\n\n<li><a href=\"https:\/\/mittelschule-hofeck.de\/wordpress\/wp-content\/uploads\/2019\/04\/Lamilux_Elektroniker-f\u00fcr-Geb\u00e4ude-und-Infrastruktursysteme.pdf\">Elektroniker f\u00fcr Geb\u00e4ude- und Infrastruktursysteme (m\/w)<\/a><\/li>\n\n\n\n<li><a href=\"https:\/\/mittelschule-hofeck.de\/wordpress\/wp-content\/uploads\/2019\/04\/Lamilux_Elektroniker-f\u00fcr-Betriebstechnik.pdf\">Elektroniker f\u00fcr Betriebstechnik (m\/w)<\/a><\/li>\n\n\n\n<li><a href=\"https:\/\/mittelschule-hofeck.de\/wordpress\/wp-content\/uploads\/2019\/04\/Lamilux_Technischer-Systemplaner.pdf\">Technischer Systemplaner (m\/w)<\/a><\/li>\n\n\n\n<li><a href=\"https:\/\/mittelschule-hofeck.de\/wordpress\/wp-content\/uploads\/2019\/04\/Lamilux_Technischer-Produktdesigner.pdf\">Technischer Produktdesigner (m\/w)<\/a><\/li>\n\n\n\n<li><a href=\"https:\/\/mittelschule-hofeck.de\/wordpress\/wp-content\/uploads\/2019\/04\/Lamilux_Maschinen-und-Anlagenf\u00fchrer.pdf\">Maschinen- und Anlagenf\u00fchrer (m\/w)<\/a><\/li>\n\n\n\n<li><a href=\"https:\/\/mittelschule-hofeck.de\/wordpress\/wp-content\/uploads\/2019\/04\/Lamilux_Sch\u00fclerpraktikum-im-gewerblichen-Bereich.pdf\">Praktikum im gewerblichen Bereich<\/a><\/li>\n\n\n\n<li><a href=\"https:\/\/mittelschule-hofeck.de\/wordpress\/wp-content\/uploads\/2019\/04\/Lamilux_Sch\u00fclerpraktikum-im-technischen-Bereich.pdf\">Praktikum im technischen Bereich<\/a><\/li>\n\n\n\n<li><a href=\"https:\/\/mittelschule-hofeck.de\/wordpress\/wp-content\/uploads\/2019\/04\/Lamilux_Sch\u00fclerpraktikum-im-kaufm\u00e4nnischen-Bereich.pdf\">Praktikum im kaufm\u00e4nnischen Bereich<\/a><\/li>\n<\/ul>\n<\/li>\n\n\n\n<li><strong>Hoftex Group AG<\/strong>\n<ul class=\"wp-block-list\">\n<li><a href=\"https:\/\/mittelschule-hofeck.de\/wordpress\/wp-content\/uploads\/2019\/04\/Hoftex-Group-AG.pdf\">Maschinen- und Anlagenf\u00fchrer<\/a><\/li>\n\n\n\n<li><a href=\"https:\/\/mittelschule-hofeck.de\/wordpress\/wp-content\/uploads\/2019\/04\/Hoftex-Group-AG.pdf\">Produktionsmechaniker<\/a><\/li>\n\n\n\n<li><a href=\"https:\/\/mittelschule-hofeck.de\/wordpress\/wp-content\/uploads\/2019\/04\/Hoftex-Group-AG.pdf\">Textillaboranten (Praktikum)<\/a><\/li>\n<\/ul>\n<\/li>\n\n\n\n<li><strong>Motor N\u00fctzel<\/strong>\n<ul class=\"wp-block-list\">\n<li><a href=\"https:\/\/mittelschule-hofeck.de\/wordpress\/wp-content\/uploads\/2019\/03\/Motor-N\u00fctzel.pdf\">KfZ-Mechatroniker Schwerpunkt PKW-Technik<\/a><\/li>\n\n\n\n<li><a href=\"https:\/\/mittelschule-hofeck.de\/wordpress\/wp-content\/uploads\/2019\/03\/Motor-N\u00fctzel.pdf\">KfZ-Mechatroniker Schwerpunkt Karosserietechnik<\/a><\/li>\n\n\n\n<li><a href=\"https:\/\/mittelschule-hofeck.de\/wordpress\/wp-content\/uploads\/2019\/03\/Motor-N\u00fctzel.pdf\">Fachzeuglackierer<\/a><\/li>\n<\/ul>\n<\/li>\n\n\n\n<li><strong>Rudi G\u00f6bel GmbH &amp; Co. KG Metall- und Kunststoffverarbeitung<\/strong>\n<ul class=\"wp-block-list\">\n<li><a href=\"https:\/\/mittelschule-hofeck.de\/wordpress\/wp-content\/uploads\/2019\/03\/Rudi-G\u00f6bel_Metall-und-Kunststoffverarbeitung-Helmbrechts.pdf\">Verfahrensmechaniker<\/a><\/li>\n\n\n\n<li><a href=\"https:\/\/mittelschule-hofeck.de\/wordpress\/wp-content\/uploads\/2019\/03\/Rudi-G\u00f6bel_Metall-und-Kunststoffverarbeitung-Helmbrechts.pdf\">Werkzeugmechaniker<\/a><\/li>\n\n\n\n<li><a href=\"https:\/\/mittelschule-hofeck.de\/wordpress\/wp-content\/uploads\/2019\/03\/Rudi-G\u00f6bel_Metall-und-Kunststoffverarbeitung-Helmbrechts.pdf\">Stanz- und Umformmechaniker<\/a><\/li>\n<\/ul>\n<\/li>\n\n\n\n<li><strong>Alukon KG<\/strong>\n<ul class=\"wp-block-list\">\n<li><a href=\"https:\/\/mittelschule-hofeck.de\/wordpress\/wp-content\/uploads\/2019\/03\/Alukon_KG.pdf\">Berufskraftfahrer<\/a><\/li>\n\n\n\n<li><a href=\"https:\/\/mittelschule-hofeck.de\/wordpress\/wp-content\/uploads\/2019\/03\/Alukon_KG.pdf\">Fachlagerist<\/a><\/li>\n\n\n\n<li><a href=\"https:\/\/mittelschule-hofeck.de\/wordpress\/wp-content\/uploads\/2019\/03\/Alukon_KG.pdf\">Maschinen- und Anlagenf\u00fchrer<\/a><\/li>\n\n\n\n<li><a href=\"https:\/\/mittelschule-hofeck.de\/wordpress\/wp-content\/uploads\/2019\/03\/Alukon_KG.pdf\">Rolladen- und Sonnenschutzmechatroniker<\/a><\/li>\n\n\n\n<li><a href=\"https:\/\/mittelschule-hofeck.de\/wordpress\/wp-content\/uploads\/2019\/03\/Alukon_KG.pdf\">Verfahrensmechaniker<\/a><\/li>\n<\/ul>\n<\/li>\n\n\n\n<li><strong>Dachser SE &#8211; Logistikzentrum Hof<\/strong>\n<ul class=\"wp-block-list\">\n<li><a href=\"https:\/\/mittelschule-hofeck.de\/wordpress\/wp-content\/uploads\/2019\/03\/Dachser_Logistik.pdf\">Kaufmann (m\/w) f\u00fcr Spedition und Logistikdienstleistung<\/a><\/li>\n\n\n\n<li><a href=\"https:\/\/mittelschule-hofeck.de\/wordpress\/wp-content\/uploads\/2019\/03\/Dachser_Logistik.pdf\">Informatikkaufmann (m\/w)<\/a><\/li>\n\n\n\n<li><a href=\"https:\/\/mittelschule-hofeck.de\/wordpress\/wp-content\/uploads\/2019\/03\/Dachser_Logistik.pdf\">Fachkraft f\u00fcr Lagerlogistik (m\/w)<\/a><\/li>\n\n\n\n<li><a href=\"https:\/\/mittelschule-hofeck.de\/wordpress\/wp-content\/uploads\/2019\/03\/Dachser_Logistik.pdf\">Fachlagerist (m\/w)<\/a><\/li>\n\n\n\n<li><a href=\"https:\/\/mittelschule-hofeck.de\/wordpress\/wp-content\/uploads\/2019\/03\/Dachser_Logistik.pdf\">Berufskraftfahrer (m\/w)<\/a><\/li>\n<\/ul>\n<\/li>\n\n\n\n<li><strong>Willy B\u00f6hme: <\/strong>\n<ul class=\"wp-block-list\">\n<li><a href=\"https:\/\/mittelschule-hofeck.de\/wordpress\/wp-content\/uploads\/2019\/04\/Willy-B\u00f6hme-GmbH-Co.-KG-KFZ-Mechatroniker.pdf\">KFZ-Mechatroniker<\/a><\/li>\n\n\n\n<li><a href=\"https:\/\/mittelschule-hofeck.de\/wordpress\/wp-content\/uploads\/2019\/04\/Willy-B\u00f6hme-GmbH-Co.-KG-Fachkraft-Rohr.pdf\">Fachkraft f\u00fcr Rohr-, Kanal- und Industrieservice<\/a><\/li>\n\n\n\n<li><a href=\"https:\/\/mittelschule-hofeck.de\/wordpress\/wp-content\/uploads\/2019\/04\/Willy-B\u00f6hme-GmbH-Co.-KG-Fachkraft-Kreislauf.pdf\">Fachkraft f\u00fcr Abfall- und Kreislaufwirtschaft<\/a><\/li>\n\n\n\n<li><a href=\"https:\/\/mittelschule-hofeck.de\/wordpress\/wp-content\/uploads\/2019\/04\/Willy-B\u00f6hme-GmbH-Co.-KG-Kraftfahrer.pdf\">Berufskraftfahrer <\/a><\/li>\n<\/ul>\n<\/li>\n\n\n\n<li><strong>Globus:<\/strong>\n<ul class=\"wp-block-list\">\n<li><a href=\"https:\/\/mittelschule-hofeck.de\/wordpress\/wp-content\/uploads\/2019\/03\/Globus_Logistik-und-Metzgerei.pdf\">Verk\u00e4ufer und Einzelhandelskaufleute<\/a><\/li>\n\n\n\n<li><a href=\"https:\/\/mittelschule-hofeck.de\/wordpress\/wp-content\/uploads\/2019\/03\/Globus_Logistik-und-Metzgerei.pdf\">Fleischer<\/a><\/li>\n<\/ul>\n<\/li>\n\n\n\n<li><strong>B\u00e4ckerei Fickenscher <\/strong>\n<ul class=\"wp-block-list\">\n<li><a href=\"https:\/\/mittelschule-hofeck.de\/wordpress\/wp-content\/uploads\/2019\/03\/Fickenscher_B\u00e4ckerei.pdf\">B\u00e4cker\/in<\/a><\/li>\n\n\n\n<li><a href=\"https:\/\/mittelschule-hofeck.de\/wordpress\/wp-content\/uploads\/2019\/03\/Fickenscher_B\u00e4ckerei.pdf\">Konditor\/in<\/a><\/li>\n\n\n\n<li><a href=\"https:\/\/mittelschule-hofeck.de\/wordpress\/wp-content\/uploads\/2019\/03\/Fickenscher_B\u00e4ckerei.pdf\">Fachverk\u00e4ufer\/in im Lebensmittelhandwerk<\/a><\/li>\n<\/ul>\n<\/li>\n\n\n\n<li><strong>Gealan Formteil<\/strong>\n<ul class=\"wp-block-list\">\n<li><a href=\"https:\/\/mittelschule-hofeck.de\/wordpress\/wp-content\/uploads\/2019\/03\/Gealan_Formteile.pdf\">Werkzeugmechaniker<\/a><\/li>\n\n\n\n<li><a href=\"https:\/\/mittelschule-hofeck.de\/wordpress\/wp-content\/uploads\/2019\/03\/Gealan_Formteile.pdf\">Industriemechaniker<\/a><\/li>\n\n\n\n<li><a href=\"https:\/\/mittelschule-hofeck.de\/wordpress\/wp-content\/uploads\/2019\/03\/Gealan_Formteile.pdf\">Verfahrensmechaniker<\/a><\/li>\n\n\n\n<li><a href=\"https:\/\/mittelschule-hofeck.de\/wordpress\/wp-content\/uploads\/2019\/03\/Gealan_Formteile.pdf\">Lagerist<\/a><\/li>\n<\/ul>\n<\/li>\n\n\n\n<li><strong>Maler Brecheis<\/strong>\n<ul class=\"wp-block-list\">\n<li><a href=\"https:\/\/mittelschule-hofeck.de\/wordpress\/wp-content\/uploads\/2019\/03\/Brecheis_Maler.pdf\">Maler\/in und Lackierer\/in Fachrichtung Gestaltung und Instandhaltung<\/a><\/li>\n<\/ul>\n<\/li>\n\n\n\n<li><strong>Spinnerei Neuhof GmbH &amp; Co. KG<\/strong>\n<ul class=\"wp-block-list\">\n<li><a href=\"https:\/\/mittelschule-hofeck.de\/wordpress\/wp-content\/uploads\/2022\/06\/Praktikums-und-Ausbildungsplatzangebote-Spinnerei.pdf\">Produktionsmechaniker, Maschinen- und Anlagenf\u00fchrer, Industriekaufmann, Elektroniker, Textillaborant, Industriemechaniker<\/a><\/li>\n<\/ul>\n<\/li>\n\n\n\n<li><strong>Franz Kassecker GmbH<\/strong>\n<ul class=\"wp-block-list\">\n<li><a href=\"https:\/\/mittelschule-hofeck.de\/wordpress\/wp-content\/uploads\/2025\/12\/Kassecker-Praktikumsplatz.pdf\" target=\"_blank\" rel=\"noreferrer noopener\">Rohrleitungsbauer, Beton-, Stahlbetonbauer<\/a><\/li>\n<\/ul>\n<\/li>\n<\/ul>\n\n\n\n<p><\/p>\n\n\n\n<p><\/p>\n\n\n\n<hr class=\"wp-block-separator has-alpha-channel-opacity\"\/>\n\n\n\n<p>Weitere hilfreiche Links:<\/p>\n\n\n\n<p>Ausbildung finden:&nbsp;<a href=\"https:\/\/www.jobb\u00f6rse-stellenangebote.de\/ausbildung\/\">https:\/\/www.jobb\u00f6rse-stellenangebote.de\/ausbildung\/<\/a> &nbsp;<\/p>\n\n\n\n<p>Praktikum finden:&nbsp;<a href=\"https:\/\/www.jobb\u00f6rse-stellenangebote.de\/praktikum\/\">https:\/\/www.jobb\u00f6rse-stellenangebote.de\/praktikum\/<\/a><\/p>\n\n\n\n<p><\/p>\n","protected":false},"excerpt":{"rendered":"<p>Die Unternehmen der Region stellen Informationen rund ums Thema f\u00fcr unsere Sch\u00fcler zur Verf\u00fcgung. Sollten Sie ein Unternehmen vertreten und hier mit aufgenommen werden wollen, dann laden Sie sich bitte die folgende Datei herunter und senden Sie diese ausgef\u00fcllt an: schulleitung[at]mittelschule-hofeck.de. Weitere hilfreiche Links: Ausbildung finden:&nbsp;https:\/\/www.jobb\u00f6rse-stellenangebote.de\/ausbildung\/ &nbsp; Praktikum finden:&nbsp;https:\/\/www.jobb\u00f6rse-stellenangebote.de\/praktikum\/<\/p>\n","protected":false},"author":1,"featured_media":0,"comment_status":"closed","ping_status":"closed","sticky":false,"template":"","format":"standard","meta":{"footnotes":""},"categories":[84],"tags":[],"class_list":["post-2009","post","type-post","status-publish","format-standard","hentry","category-praktikum-und-ausbildung"],"_links":{"self":[{"href":"https:\/\/mittelschule-hofeck.de\/wordpress\/wp-json\/wp\/v2\/posts\/2009","targetHints":{"allow":["GET"]}}],"collection":[{"href":"https:\/\/mittelschule-hofeck.de\/wordpress\/wp-json\/wp\/v2\/posts"}],"about":[{"href":"https:\/\/mittelschule-hofeck.de\/wordpress\/wp-json\/wp\/v2\/types\/post"}],"author":[{"embeddable":true,"href":"https:\/\/mittelschule-hofeck.de\/wordpress\/wp-json\/wp\/v2\/users\/1"}],"replies":[{"embeddable":true,"href":"https:\/\/mittelschule-hofeck.de\/wordpress\/wp-json\/wp\/v2\/comments?post=2009"}],"version-history":[{"count":56,"href":"https:\/\/mittelschule-hofeck.de\/wordpress\/wp-json\/wp\/v2\/posts\/2009\/revisions"}],"predecessor-version":[{"id":11309,"href":"https:\/\/mittelschule-hofeck.de\/wordpress\/wp-json\/wp\/v2\/posts\/2009\/revisions\/11309"}],"wp:attachment":[{"href":"https:\/\/mittelschule-hofeck.de\/wordpress\/wp-json\/wp\/v2\/media?parent=2009"}],"wp:term":[{"taxonomy":"category","embeddable":true,"href":"https:\/\/mittelschule-hofeck.de\/wordpress\/wp-json\/wp\/v2\/categories?post=2009"},{"taxonomy":"post_tag","embeddable":true,"href":"https:\/\/mittelschule-hofeck.de\/wordpress\/wp-json\/wp\/v2\/tags?post=2009"}],"curies":[{"name":"wp","href":"https:\/\/api.w.org\/{rel}","templated":true}]}}