{"id":11605,"date":"2026-04-30T13:58:56","date_gmt":"2026-04-30T12:58:56","guid":{"rendered":"https:\/\/mittelschule-hofeck.de\/wordpress\/?p=11605"},"modified":"2026-04-30T13:58:56","modified_gmt":"2026-04-30T12:58:56","slug":"schueler-der-hofecker-mittelschule-hof-gestalten-kunstpostkarten","status":"publish","type":"post","link":"https:\/\/mittelschule-hofeck.de\/wordpress\/11605\/","title":{"rendered":"Sch\u00fcler der Hofecker-Mittelschule Hof gestalten Kunstpostkarten"},"content":{"rendered":"\n<p>Im Zuge des bundesweiten Schulnetzwerkes &#8222;Schule ohne Rassismus &#8211; Schule mit<br>Courage&#8220; setzen sich Schulen aktiv gegen Mobbing, Diskriminierung und Rassismus ein.<br>Der Titel ist keine Auszeichnung, sondern eine Selbstverpflichtung, das Schulklima<br>durch j\u00e4hrliche Projekte positiv zu gestalten. Sch\u00fclerinnen und Sch\u00fcler der 8. und 9.<br>Jahrgangsstufen der Hofecker-Mittelschule Hof entwickelten deshalb im Kunstunterricht<br>eigenst\u00e4ndig Motive, in denen sie sich mit dem Thema &#8222;Menschenw\u00fcrde&#8220; besch\u00e4ftigten.<br>\u201eDie Sch\u00fclerinnen und Sch\u00fcler durften bez\u00fcglich Inhalts und Umsetzung komplett<br>selbstst\u00e4ndig entscheiden. Es freut uns als Lehrkr\u00e4fte sehr, wenn wir sehen, wie<br>sensibel sich die Jugendlichen mit Themen auseinandersetzen, die auch sie selbst<br>betreffen,\u201c stellt Kunstlehrerin Alexandra D\u00f6hnel fest. Im Deutschunterricht besuchten<br>die 8. und 9. Klassen das Theater Hof mit dem St\u00fcck \u201eSimpel\u201c, in dem eine Geschichte<br>\u00fcber Anderssein, Beeintr\u00e4chtigung und Liebe gezeigt wurde.<br>Die Kunstwerke aus dem Kunstunterricht sind im Schulhaus der Hofecker-Mittelschule<br>Hof ausgestellt. Aus den Bildern entwickelten die Sch\u00fcler mithilfe von KI digitale<br>Druckvorlagen und lie\u00dfen diese als Postkarten drucken. Auf der R\u00fcckseite finden sich<br>Erl\u00e4uterungen zum jeweiligen Thema. Die Postkarten liegen in der Schule, in der<br>Stadtb\u00fccherei Hof und im Landratsamt kostenlos aus und k\u00f6nnen dort bei Interesse<br>mitgenommen werden.<\/p>\n\n\n\n<p><br>Alexandra D\u00f6hnel<br>Hofecker-Mittelschule Hof<br>Fachbereich Kunst<\/p>\n","protected":false},"excerpt":{"rendered":"<p>Im Zuge des bundesweiten Schulnetzwerkes &#8222;Schule ohne Rassismus &#8211; Schule mitCourage&#8220; setzen sich Schulen aktiv gegen Mobbing, Diskriminierung und Rassismus ein.Der Titel ist keine Auszeichnung, sondern eine Selbstverpflichtung, das Schulklimadurch j\u00e4hrliche Projekte positiv zu gestalten. Sch\u00fclerinnen und Sch\u00fcler der 8. und 9.Jahrgangsstufen der Hofecker-Mittelschule Hof entwickelten deshalb im Kunstunterrichteigenst\u00e4ndig Motive, in denen sie sich mit&#8230;<\/p>\n","protected":false},"author":52,"featured_media":11606,"comment_status":"closed","ping_status":"closed","sticky":false,"template":"","format":"standard","meta":{"footnotes":""},"categories":[86],"tags":[],"class_list":["post-11605","post","type-post","status-publish","format-standard","has-post-thumbnail","hentry","category-unser-schuljahr"],"_links":{"self":[{"href":"https:\/\/mittelschule-hofeck.de\/wordpress\/wp-json\/wp\/v2\/posts\/11605","targetHints":{"allow":["GET"]}}],"collection":[{"href":"https:\/\/mittelschule-hofeck.de\/wordpress\/wp-json\/wp\/v2\/posts"}],"about":[{"href":"https:\/\/mittelschule-hofeck.de\/wordpress\/wp-json\/wp\/v2\/types\/post"}],"author":[{"embeddable":true,"href":"https:\/\/mittelschule-hofeck.de\/wordpress\/wp-json\/wp\/v2\/users\/52"}],"replies":[{"embeddable":true,"href":"https:\/\/mittelschule-hofeck.de\/wordpress\/wp-json\/wp\/v2\/comments?post=11605"}],"version-history":[{"count":1,"href":"https:\/\/mittelschule-hofeck.de\/wordpress\/wp-json\/wp\/v2\/posts\/11605\/revisions"}],"predecessor-version":[{"id":11607,"href":"https:\/\/mittelschule-hofeck.de\/wordpress\/wp-json\/wp\/v2\/posts\/11605\/revisions\/11607"}],"wp:featuredmedia":[{"embeddable":true,"href":"https:\/\/mittelschule-hofeck.de\/wordpress\/wp-json\/wp\/v2\/media\/11606"}],"wp:attachment":[{"href":"https:\/\/mittelschule-hofeck.de\/wordpress\/wp-json\/wp\/v2\/media?parent=11605"}],"wp:term":[{"taxonomy":"category","embeddable":true,"href":"https:\/\/mittelschule-hofeck.de\/wordpress\/wp-json\/wp\/v2\/categories?post=11605"},{"taxonomy":"post_tag","embeddable":true,"href":"https:\/\/mittelschule-hofeck.de\/wordpress\/wp-json\/wp\/v2\/tags?post=11605"}],"curies":[{"name":"wp","href":"https:\/\/api.w.org\/{rel}","templated":true}]}}