{"id":11592,"date":"2026-04-29T11:07:19","date_gmt":"2026-04-29T10:07:19","guid":{"rendered":"https:\/\/mittelschule-hofeck.de\/wordpress\/?p=11592"},"modified":"2026-04-29T11:18:48","modified_gmt":"2026-04-29T10:18:48","slug":"stella-und-ihre-unterstuetzer-werden-gefeiert","status":"publish","type":"post","link":"https:\/\/mittelschule-hofeck.de\/wordpress\/11592\/","title":{"rendered":"Stella und ihre Unterst\u00fctzer werden gefeiert:"},"content":{"rendered":"\n<p>Nach zwei arbeitsintensiven Jahren konnte Stella bereits im Oktober 2025 die Eignungspr\u00fcfung f\u00fcr den p\u00e4dagogischen Begleithund bestehen und jetzt endlich das Zertifikat durch Edith Blechschmidt (Hundetrainerin) \u00fcberreicht werden. Mit einer kleinen Feier dankte Frau Pohl (Jugendsozialarbeit) den Kindern und Jugendlichen, ohne die das alles so gar nicht m\u00f6glich gewesen w\u00e4re. <\/p>\n\n\n\n<p>Bei Pizza und Getr\u00e4nken schwelten alle in Erinnerungen als Stella noch ein kleines Fellkn\u00e4uel gewesen war, wie sie ihre Milchz\u00e4hnchen verloren hat und nach und nach lernte, dass man weder Sch\u00fclerInnen, noch Fahrr\u00e4der, und schon gar nicht Autos h\u00fctet. Ein kleiner Film mit Bildern zeigte, wie sie sich k\u00f6rperlich entwickelte und ver\u00e4nderte. Stella ist auf jeden Fall eine absolut menschenfreundliche H\u00fcndin geblieben, die es genie\u00dft, gestreichelt zu werden und dass selbst auf dem hektischen Pausenhof, der f\u00fcr jeden Hund eine Herausforderung ist. Die wilde Seite zeigt sie nur noch im Spiel mit ihrem Frauchen Frau Pohl, was die meisten dann doch \u00fcberrascht, wenn sie es sehen. Pubert\u00e4r wie sie gerade ist, probiert sie schon noch so manche kleine Frechheiten aus, aber Stella ist ja auch immer noch ein junger Hund. Wir machten viele von den fast 30 Tricks, die ich mit Hilfe der Sch\u00fclerinnen Stella beibrachte. <\/p>\n\n\n\n<p>Eine kleine \u00dcberraschung hatte ich dann noch f\u00fcr die Kinder und Jugendlichen. Sie durften sich aus Stella\u00b4s ausgek\u00e4mmten Fell eine kleine Erinnerung mit Hilfe von Trockenfilznadeln filzen. Das war ein gelungener Abschluss. <\/p>\n\n\n\n<p>Ich m\u00f6chte mich hiermit noch einmal bei allen Unterst\u00fctzern bedanken. Besonders erw\u00e4hnen m\u00f6chte ich dabei Frau Pedall und das gesamte Kollegium, die mir die M\u00f6glichkeit geben an der Hofecker-Mittelschule tiergest\u00fctzt zu arbeiten. Meinem Arbeitgeber, der Diakonie Hochfranken ebenso, weil mir auch hier keine Steine in den Weg gelegt wurden. Fr. Schmidt (Berufseinstiegs-begleitung) stand\/steht mir immer auch im p\u00e4dagogischen Bereich mit Rat und Tat zu Seite, was ich sehr zu sch\u00e4tzen wei\u00df. Gro\u00dfer Dank geht auch an meine Kollegin Frau Sp\u00f6rl (JaS Eichendorffschule), die mit mir den Schritt gewagt hat, Gruppenarbeiten tiergest\u00fctzt zu begleiten und immer wieder erw\u00e4hnt, wie wertvoll der Einsatz von Stella dabei ist. Vergessen darf ich dabei auf keinen Fall die Hundetrainerin Edith Blechschmidt, die mir mit ehrlicher, klarer und fachlicher R\u00fcckmeldung den Weg zu einem gut ausgebildeten Hund sehr erleichtert hat. Sie hat mein Wissen \u00fcber Hunde noch um Einiges erweitert und mir Dinge beigebracht, \u00fcber die ich mir vorher noch nie Gedanken gemacht habe. <\/p>\n\n\n\n<figure class=\"wp-block-gallery has-nested-images columns-default is-cropped wp-block-gallery-1 is-layout-flex wp-block-gallery-is-layout-flex\">\n<figure class=\"wp-block-image size-large\"><img loading=\"lazy\" decoding=\"async\" width=\"373\" height=\"274\" data-id=\"11600\" src=\"https:\/\/mittelschule-hofeck.de\/wordpress\/wp-content\/uploads\/2026\/04\/2026-Stella-.jpg\" alt=\"\" class=\"wp-image-11600\" srcset=\"https:\/\/mittelschule-hofeck.de\/wordpress\/wp-content\/uploads\/2026\/04\/2026-Stella-.jpg 373w, https:\/\/mittelschule-hofeck.de\/wordpress\/wp-content\/uploads\/2026\/04\/2026-Stella--300x220.jpg 300w\" sizes=\"auto, (max-width: 373px) 100vw, 373px\" \/><\/figure>\n<\/figure>\n\n\n\n<p>Last but not least Danke an Emily, Francesca, Lina, Jule, Bella, Celina (von links nach rechts) und Larissa (leider nicht auf dem Bild): Mir war es wichtig der ganzen Schulfamilie einen Einblick zu geben und ich bin auch gerne bereit, weitere Fragen zu meiner tiergest\u00fctzten Arbeit zu beantworten. <\/p>\n\n\n\n<p>Stefanie Pohl (Jugendsozialarbeit an Schulen)<\/p>\n","protected":false},"excerpt":{"rendered":"<p>Nach zwei arbeitsintensiven Jahren konnte Stella bereits im Oktober 2025 die Eignungspr\u00fcfung f\u00fcr den p\u00e4dagogischen Begleithund bestehen und jetzt endlich das Zertifikat durch Edith Blechschmidt (Hundetrainerin) \u00fcberreicht werden. Mit einer kleinen Feier dankte Frau Pohl (Jugendsozialarbeit) den Kindern und Jugendlichen, ohne die das alles so gar nicht m\u00f6glich gewesen w\u00e4re. Bei Pizza und Getr\u00e4nken schwelten&#8230;<\/p>\n","protected":false},"author":52,"featured_media":11596,"comment_status":"closed","ping_status":"closed","sticky":false,"template":"","format":"standard","meta":{"footnotes":""},"categories":[86],"tags":[],"class_list":["post-11592","post","type-post","status-publish","format-standard","has-post-thumbnail","hentry","category-unser-schuljahr"],"_links":{"self":[{"href":"https:\/\/mittelschule-hofeck.de\/wordpress\/wp-json\/wp\/v2\/posts\/11592","targetHints":{"allow":["GET"]}}],"collection":[{"href":"https:\/\/mittelschule-hofeck.de\/wordpress\/wp-json\/wp\/v2\/posts"}],"about":[{"href":"https:\/\/mittelschule-hofeck.de\/wordpress\/wp-json\/wp\/v2\/types\/post"}],"author":[{"embeddable":true,"href":"https:\/\/mittelschule-hofeck.de\/wordpress\/wp-json\/wp\/v2\/users\/52"}],"replies":[{"embeddable":true,"href":"https:\/\/mittelschule-hofeck.de\/wordpress\/wp-json\/wp\/v2\/comments?post=11592"}],"version-history":[{"count":3,"href":"https:\/\/mittelschule-hofeck.de\/wordpress\/wp-json\/wp\/v2\/posts\/11592\/revisions"}],"predecessor-version":[{"id":11601,"href":"https:\/\/mittelschule-hofeck.de\/wordpress\/wp-json\/wp\/v2\/posts\/11592\/revisions\/11601"}],"wp:featuredmedia":[{"embeddable":true,"href":"https:\/\/mittelschule-hofeck.de\/wordpress\/wp-json\/wp\/v2\/media\/11596"}],"wp:attachment":[{"href":"https:\/\/mittelschule-hofeck.de\/wordpress\/wp-json\/wp\/v2\/media?parent=11592"}],"wp:term":[{"taxonomy":"category","embeddable":true,"href":"https:\/\/mittelschule-hofeck.de\/wordpress\/wp-json\/wp\/v2\/categories?post=11592"},{"taxonomy":"post_tag","embeddable":true,"href":"https:\/\/mittelschule-hofeck.de\/wordpress\/wp-json\/wp\/v2\/tags?post=11592"}],"curies":[{"name":"wp","href":"https:\/\/api.w.org\/{rel}","templated":true}]}}