{"id":11485,"date":"2026-03-12T13:52:13","date_gmt":"2026-03-12T12:52:13","guid":{"rendered":"https:\/\/mittelschule-hofeck.de\/wordpress\/?p=11485"},"modified":"2026-03-12T13:52:13","modified_gmt":"2026-03-12T12:52:13","slug":"allein-koennen-wir-so-wenig-tun-zusammen-koennen-wir-so-viel-erreichen","status":"publish","type":"post","link":"https:\/\/mittelschule-hofeck.de\/wordpress\/11485\/","title":{"rendered":"\u201eAllein k\u00f6nnen wir so wenig tun, zusammen k\u00f6nnen wir so viel erreichen!\u201c"},"content":{"rendered":"\n<p><em>Gem\u00e4\u00df diesem Motto ging die Praxisklasse a eine Kooperation mit der Jugendwerkstatt Hof ein, um Wellnessliegen f\u00fcr den Pausenhof zu kreieren und herzustellen.<\/em><\/p>\n\n\n\n<p><em>Im Rahmen des praxisorientierten Unterrichts&nbsp; und dem Fach Technik ging es bis dato schon 4x in Kleingruppen in die J\u00e4gerzeile nach Hof, um in der Schreinerei die Vorarbeit zu leisten. Der Werkstattmeister Herr Pick weihte die Sch\u00fcler in die Geheimnisse rund um das Thema Holz ein und zeigte ihnen so manchen Kniff und Trick.<\/em><\/p>\n\n\n\n<p><em>Hier ein paar Impressionen der bisherigen Arbeit\u2026.<\/em><\/p>\n\n\n\n<p><em>Rebecca Burger, Klassenleitung 9pa<\/em><\/p>\n\n\n\n<figure class=\"wp-block-gallery has-nested-images columns-default is-cropped wp-block-gallery-1 is-layout-flex wp-block-gallery-is-layout-flex\">\n<figure class=\"wp-block-image size-large\"><img loading=\"lazy\" decoding=\"async\" width=\"768\" height=\"1024\" data-id=\"11495\" src=\"https:\/\/mittelschule-hofeck.de\/wordpress\/wp-content\/uploads\/2026\/03\/2026-So-deckt-man-ein-Dach-1-768x1024.jpg\" alt=\"\" class=\"wp-image-11495\" srcset=\"https:\/\/mittelschule-hofeck.de\/wordpress\/wp-content\/uploads\/2026\/03\/2026-So-deckt-man-ein-Dach-1-768x1024.jpg 768w, https:\/\/mittelschule-hofeck.de\/wordpress\/wp-content\/uploads\/2026\/03\/2026-So-deckt-man-ein-Dach-1-225x300.jpg 225w, https:\/\/mittelschule-hofeck.de\/wordpress\/wp-content\/uploads\/2026\/03\/2026-So-deckt-man-ein-Dach-1-1152x1536.jpg 1152w, https:\/\/mittelschule-hofeck.de\/wordpress\/wp-content\/uploads\/2026\/03\/2026-So-deckt-man-ein-Dach-1-300x400.jpg 300w, https:\/\/mittelschule-hofeck.de\/wordpress\/wp-content\/uploads\/2026\/03\/2026-So-deckt-man-ein-Dach-1-850x1134.jpg 850w, https:\/\/mittelschule-hofeck.de\/wordpress\/wp-content\/uploads\/2026\/03\/2026-So-deckt-man-ein-Dach-1.jpg 1499w\" sizes=\"auto, (max-width: 768px) 100vw, 768px\" \/><\/figure>\n\n\n\n<figure class=\"wp-block-image size-large\"><img loading=\"lazy\" decoding=\"async\" width=\"1024\" height=\"768\" data-id=\"11496\" src=\"https:\/\/mittelschule-hofeck.de\/wordpress\/wp-content\/uploads\/2026\/03\/2026-Schiefer-zuschneiden-1-1024x768.jpg\" alt=\"\" class=\"wp-image-11496\" srcset=\"https:\/\/mittelschule-hofeck.de\/wordpress\/wp-content\/uploads\/2026\/03\/2026-Schiefer-zuschneiden-1-1024x768.jpg 1024w, https:\/\/mittelschule-hofeck.de\/wordpress\/wp-content\/uploads\/2026\/03\/2026-Schiefer-zuschneiden-1-300x225.jpg 300w, https:\/\/mittelschule-hofeck.de\/wordpress\/wp-content\/uploads\/2026\/03\/2026-Schiefer-zuschneiden-1-768x576.jpg 768w, https:\/\/mittelschule-hofeck.de\/wordpress\/wp-content\/uploads\/2026\/03\/2026-Schiefer-zuschneiden-1-1536x1152.jpg 1536w, https:\/\/mittelschule-hofeck.de\/wordpress\/wp-content\/uploads\/2026\/03\/2026-Schiefer-zuschneiden-1-850x637.jpg 850w, https:\/\/mittelschule-hofeck.de\/wordpress\/wp-content\/uploads\/2026\/03\/2026-Schiefer-zuschneiden-1.jpg 1999w\" sizes=\"auto, (max-width: 1024px) 100vw, 1024px\" \/><\/figure>\n\n\n\n<figure class=\"wp-block-image size-large\"><img loading=\"lazy\" decoding=\"async\" width=\"768\" height=\"1024\" data-id=\"11492\" src=\"https:\/\/mittelschule-hofeck.de\/wordpress\/wp-content\/uploads\/2026\/03\/2026-oder-so-1-768x1024.jpg\" alt=\"\" class=\"wp-image-11492\" srcset=\"https:\/\/mittelschule-hofeck.de\/wordpress\/wp-content\/uploads\/2026\/03\/2026-oder-so-1-768x1024.jpg 768w, https:\/\/mittelschule-hofeck.de\/wordpress\/wp-content\/uploads\/2026\/03\/2026-oder-so-1-225x300.jpg 225w, https:\/\/mittelschule-hofeck.de\/wordpress\/wp-content\/uploads\/2026\/03\/2026-oder-so-1-1152x1536.jpg 1152w, https:\/\/mittelschule-hofeck.de\/wordpress\/wp-content\/uploads\/2026\/03\/2026-oder-so-1-300x400.jpg 300w, https:\/\/mittelschule-hofeck.de\/wordpress\/wp-content\/uploads\/2026\/03\/2026-oder-so-1-850x1134.jpg 850w, https:\/\/mittelschule-hofeck.de\/wordpress\/wp-content\/uploads\/2026\/03\/2026-oder-so-1.jpg 1499w\" sizes=\"auto, (max-width: 768px) 100vw, 768px\" \/><\/figure>\n\n\n\n<figure class=\"wp-block-image size-large\"><img loading=\"lazy\" decoding=\"async\" width=\"1024\" height=\"768\" data-id=\"11494\" src=\"https:\/\/mittelschule-hofeck.de\/wordpress\/wp-content\/uploads\/2026\/03\/2026-LOGO-2-1024x768.jpg\" alt=\"\" class=\"wp-image-11494\" srcset=\"https:\/\/mittelschule-hofeck.de\/wordpress\/wp-content\/uploads\/2026\/03\/2026-LOGO-2-1024x768.jpg 1024w, https:\/\/mittelschule-hofeck.de\/wordpress\/wp-content\/uploads\/2026\/03\/2026-LOGO-2-300x225.jpg 300w, https:\/\/mittelschule-hofeck.de\/wordpress\/wp-content\/uploads\/2026\/03\/2026-LOGO-2-768x576.jpg 768w, https:\/\/mittelschule-hofeck.de\/wordpress\/wp-content\/uploads\/2026\/03\/2026-LOGO-2-1536x1152.jpg 1536w, https:\/\/mittelschule-hofeck.de\/wordpress\/wp-content\/uploads\/2026\/03\/2026-LOGO-2-850x637.jpg 850w, https:\/\/mittelschule-hofeck.de\/wordpress\/wp-content\/uploads\/2026\/03\/2026-LOGO-2.jpg 1999w\" sizes=\"auto, (max-width: 1024px) 100vw, 1024px\" \/><\/figure>\n\n\n\n<figure class=\"wp-block-image size-large\"><img loading=\"lazy\" decoding=\"async\" width=\"768\" height=\"1024\" data-id=\"11493\" src=\"https:\/\/mittelschule-hofeck.de\/wordpress\/wp-content\/uploads\/2026\/03\/2026-Sarim-lenkt-den-Krank-1-768x1024.jpg\" alt=\"\" class=\"wp-image-11493\" srcset=\"https:\/\/mittelschule-hofeck.de\/wordpress\/wp-content\/uploads\/2026\/03\/2026-Sarim-lenkt-den-Krank-1-768x1024.jpg 768w, https:\/\/mittelschule-hofeck.de\/wordpress\/wp-content\/uploads\/2026\/03\/2026-Sarim-lenkt-den-Krank-1-225x300.jpg 225w, https:\/\/mittelschule-hofeck.de\/wordpress\/wp-content\/uploads\/2026\/03\/2026-Sarim-lenkt-den-Krank-1-1152x1536.jpg 1152w, https:\/\/mittelschule-hofeck.de\/wordpress\/wp-content\/uploads\/2026\/03\/2026-Sarim-lenkt-den-Krank-1-300x400.jpg 300w, https:\/\/mittelschule-hofeck.de\/wordpress\/wp-content\/uploads\/2026\/03\/2026-Sarim-lenkt-den-Krank-1-850x1134.jpg 850w, https:\/\/mittelschule-hofeck.de\/wordpress\/wp-content\/uploads\/2026\/03\/2026-Sarim-lenkt-den-Krank-1.jpg 1499w\" sizes=\"auto, (max-width: 768px) 100vw, 768px\" \/><\/figure>\n<\/figure>\n","protected":false},"excerpt":{"rendered":"<p>Gem\u00e4\u00df diesem Motto ging die Praxisklasse a eine Kooperation mit der Jugendwerkstatt Hof ein, um Wellnessliegen f\u00fcr den Pausenhof zu kreieren und herzustellen. Im Rahmen des praxisorientierten Unterrichts&nbsp; und dem Fach Technik ging es bis dato schon 4x in Kleingruppen in die J\u00e4gerzeile nach Hof, um in der Schreinerei die Vorarbeit zu leisten. Der Werkstattmeister&#8230;<\/p>\n","protected":false},"author":52,"featured_media":11490,"comment_status":"closed","ping_status":"closed","sticky":false,"template":"","format":"standard","meta":{"footnotes":""},"categories":[86],"tags":[],"class_list":["post-11485","post","type-post","status-publish","format-standard","has-post-thumbnail","hentry","category-unser-schuljahr"],"_links":{"self":[{"href":"https:\/\/mittelschule-hofeck.de\/wordpress\/wp-json\/wp\/v2\/posts\/11485","targetHints":{"allow":["GET"]}}],"collection":[{"href":"https:\/\/mittelschule-hofeck.de\/wordpress\/wp-json\/wp\/v2\/posts"}],"about":[{"href":"https:\/\/mittelschule-hofeck.de\/wordpress\/wp-json\/wp\/v2\/types\/post"}],"author":[{"embeddable":true,"href":"https:\/\/mittelschule-hofeck.de\/wordpress\/wp-json\/wp\/v2\/users\/52"}],"replies":[{"embeddable":true,"href":"https:\/\/mittelschule-hofeck.de\/wordpress\/wp-json\/wp\/v2\/comments?post=11485"}],"version-history":[{"count":1,"href":"https:\/\/mittelschule-hofeck.de\/wordpress\/wp-json\/wp\/v2\/posts\/11485\/revisions"}],"predecessor-version":[{"id":11497,"href":"https:\/\/mittelschule-hofeck.de\/wordpress\/wp-json\/wp\/v2\/posts\/11485\/revisions\/11497"}],"wp:featuredmedia":[{"embeddable":true,"href":"https:\/\/mittelschule-hofeck.de\/wordpress\/wp-json\/wp\/v2\/media\/11490"}],"wp:attachment":[{"href":"https:\/\/mittelschule-hofeck.de\/wordpress\/wp-json\/wp\/v2\/media?parent=11485"}],"wp:term":[{"taxonomy":"category","embeddable":true,"href":"https:\/\/mittelschule-hofeck.de\/wordpress\/wp-json\/wp\/v2\/categories?post=11485"},{"taxonomy":"post_tag","embeddable":true,"href":"https:\/\/mittelschule-hofeck.de\/wordpress\/wp-json\/wp\/v2\/tags?post=11485"}],"curies":[{"name":"wp","href":"https:\/\/api.w.org\/{rel}","templated":true}]}}