{"id":10245,"date":"2024-02-08T18:37:00","date_gmt":"2024-02-08T17:37:00","guid":{"rendered":"https:\/\/mittelschule-hofeck.de\/wordpress\/?p=10245"},"modified":"2024-02-11T18:38:45","modified_gmt":"2024-02-11T17:38:45","slug":"maedchenturnier-fussball","status":"publish","type":"post","link":"https:\/\/mittelschule-hofeck.de\/wordpress\/10245\/","title":{"rendered":"M\u00e4dchenturnier Fu\u00dfball"},"content":{"rendered":"\n<p>Voller Vorfreude starteten unsere M\u00e4dels aller Jahrgangsstufen in ein aufregendes Fu\u00dfballturnier in der Turnhalle am Rosenb\u00fchl. Hierbei konnten die &#8222;Kleinen&#8220; der 5-7 Klassen die ersten beiden Spiele gegen die Realschule und die Christian-Wolfrum-Mittelschule f\u00fcr sich entscheiden, verloren allerdings knapp die letzten beiden Spiele und landeten auf dem 3. Platz. Unsere &#8222;Gro\u00dfen&#8220; der 8-10 Klassen spielten unentschieden gegen die Realschule, verloren die letzten beiden Spiele ebenfalls nur knapp und erreichten somit den vorletzten (5.) Platz. Abschlie\u00dfend hatten unsere M\u00e4dels gro\u00dfen Spa\u00df und warten gespannt auf das n\u00e4chste Turnier im Fr\u00fchling.<\/p>\n\n\n\n<p>(Verena Meisel)<\/p>\n","protected":false},"excerpt":{"rendered":"<p>Voller Vorfreude starteten unsere M\u00e4dels aller Jahrgangsstufen in ein aufregendes Fu\u00dfballturnier in der Turnhalle am Rosenb\u00fchl. Hierbei konnten die &#8222;Kleinen&#8220; der 5-7 Klassen die ersten beiden Spiele gegen die Realschule und die Christian-Wolfrum-Mittelschule f\u00fcr sich entscheiden, verloren allerdings knapp die letzten beiden Spiele und landeten auf dem 3. Platz. Unsere &#8222;Gro\u00dfen&#8220; der 8-10 Klassen spielten&#8230;<\/p>\n","protected":false},"author":52,"featured_media":0,"comment_status":"closed","ping_status":"closed","sticky":false,"template":"","format":"standard","meta":{"footnotes":""},"categories":[122,86],"tags":[],"class_list":["post-10245","post","type-post","status-publish","format-standard","hentry","category-fussballklasse","category-unser-schuljahr"],"_links":{"self":[{"href":"https:\/\/mittelschule-hofeck.de\/wordpress\/wp-json\/wp\/v2\/posts\/10245","targetHints":{"allow":["GET"]}}],"collection":[{"href":"https:\/\/mittelschule-hofeck.de\/wordpress\/wp-json\/wp\/v2\/posts"}],"about":[{"href":"https:\/\/mittelschule-hofeck.de\/wordpress\/wp-json\/wp\/v2\/types\/post"}],"author":[{"embeddable":true,"href":"https:\/\/mittelschule-hofeck.de\/wordpress\/wp-json\/wp\/v2\/users\/52"}],"replies":[{"embeddable":true,"href":"https:\/\/mittelschule-hofeck.de\/wordpress\/wp-json\/wp\/v2\/comments?post=10245"}],"version-history":[{"count":1,"href":"https:\/\/mittelschule-hofeck.de\/wordpress\/wp-json\/wp\/v2\/posts\/10245\/revisions"}],"predecessor-version":[{"id":10246,"href":"https:\/\/mittelschule-hofeck.de\/wordpress\/wp-json\/wp\/v2\/posts\/10245\/revisions\/10246"}],"wp:attachment":[{"href":"https:\/\/mittelschule-hofeck.de\/wordpress\/wp-json\/wp\/v2\/media?parent=10245"}],"wp:term":[{"taxonomy":"category","embeddable":true,"href":"https:\/\/mittelschule-hofeck.de\/wordpress\/wp-json\/wp\/v2\/categories?post=10245"},{"taxonomy":"post_tag","embeddable":true,"href":"https:\/\/mittelschule-hofeck.de\/wordpress\/wp-json\/wp\/v2\/tags?post=10245"}],"curies":[{"name":"wp","href":"https:\/\/api.w.org\/{rel}","templated":true}]}}